{"id":1620,"date":"2021-10-04T13:56:06","date_gmt":"2021-10-04T13:56:06","guid":{"rendered":"https:\/\/www.magistrimediterranei.org\/?p=1620"},"modified":"2021-10-04T14:32:04","modified_gmt":"2021-10-04T14:32:04","slug":"seminario-internacional-de-historia-del-arte-imagenes-y-liturgia-en-la-edad-media-creacion-circulacion-y-funcion-de-las-imagenes-entre-oriente-y-occidente-en-la-edad-media-siglos-v-xv","status":"publish","type":"post","link":"https:\/\/www.magistrimediterranei.org\/es\/seminario-internacional-de-historia-del-arte-imagenes-y-liturgia-en-la-edad-media-creacion-circulacion-y-funcion-de-las-imagenes-entre-oriente-y-occidente-en-la-edad-media-siglos-v-xv\/","title":{"rendered":"Seminario Internacional de Historia del Arte \u00abIM\u00c1GENES Y LITURGIA EN LA EDAD MEDIA: CREACI\u00d3N, CIRCULACI\u00d3N Y FUNCI\u00d3N DE LAS IM\u00c1GENES ENTRE ORIENTE Y OCCIDENTE EN LA EDAD MEDIA (SIGLOS V-XV)\u00bb"},"content":{"rendered":"\n<p>Los pr\u00f3ximos d\u00edas del 14 al 16 de octubre tendr\u00e1 lugar el Seminario Internacional de Historia del Arte&nbsp;<strong>IMAGENS E LITURGIA NA IDADE M\u00c9DIA<\/strong>: <strong>CRIA\u00c7\u00c3O, CIRCULA\u00c7\u00c3O E FUN\u00c7\u00c3O DAS IMAGENS ENTRE O OCIDENTE E O ORIENTE NA IDADE M\u00c9DIA (S\u00c9C.&nbsp;V-XV)<\/strong>.<\/p>\n\n\n\n<p>El seminario est\u00e1 organizado por el\u00a0<strong>Instituto de Estudos Medievais<\/strong>\u00a0(IEM-NOVA\/FCSH),\u00a0\u00a0la\u00a0\u00a0<strong>Universitat Aut\u00f2noma de Barcelona<\/strong>\u00a0(a trav\u00e9s de nuestro\u00a0\u00a0proyecto de investigaci\u00f3n\u00a0<em>Magistri Mediterranei<\/em>\u00a0y nuestro Grupo de Investigaci\u00f3n Consolidado\u00a0<em>Magistri Catalonaie<\/em>)\u00a0\u00a0y\u00a0<strong>el\u00a0Mosteiro de Santa Maria da Vit\u00f3ria (Batalha<\/strong>)\u00a0<strong>&#8211; DGPC.<\/strong><\/p>\n\n\n\n<p>Ser\u00e1n dos d\u00eda y medio de interesantes presentaciones y discusi\u00f3n de ideas, con presencia de especialistas de distinta formaci\u00f3n y especialidades, pertenecientes a instituciones acad\u00e9micas y museol\u00f3gicas de gran relieve. Durante el seminaro se analizar\u00e1n temas y obras art\u00edsticas realizadas en el Occidente y Oriente medieval europeo y mediterr\u00e1neo en un horizonte cronol\u00f3gico muy amplio.&nbsp;<\/p>\n\n\n\n<p>Para quien quiera consultar el programa en pdf:&nbsp;<\/p>\n\n\n\n<p><a href=\"https:\/\/iem.fcsh.unl.pt\/imagens\/files\/Imagens_Liturgia_Programa.pdf\">https:\/\/iem.fcsh.unl.pt\/imagens\/files\/Imagens_Liturgia_Programa.pdf<\/a><\/p>\n\n\n\n<p>La inscripci\u00f3n es gratuita, pero es obligatoria. Esta podr\u00e1 ser realizada a trav\u00e9s de la siguiente direcci\u00f3n:&nbsp;<a href=\"mailto:images.liturgy_middle.age@fcsh.unl.pt\">images.liturgy_middle.age@fcsh.unl.pt<\/a>&nbsp;<\/p>\n","protected":false},"excerpt":{"rendered":"<p>Los pr\u00f3ximos d\u00edas del 14 al 16 de octubre tendr\u00e1 lugar el Seminario Internacional de Historia del Arte&nbsp;IMAGENS E LITURGIA NA IDADE M\u00c9DIA: CRIA\u00c7\u00c3O, CIRCULA\u00c7\u00c3O E FUN\u00c7\u00c3O DAS IMAGENS ENTRE O OCIDENTE E O ORIENTE NA IDADE M\u00c9DIA (S\u00c9C.&nbsp;V-XV). El seminario est\u00e1 organizado por el\u00a0Instituto de Estudos Medievais\u00a0(IEM-NOVA\/FCSH),\u00a0\u00a0la\u00a0\u00a0Universitat Aut\u00f2noma de Barcelona\u00a0(a trav\u00e9s de nuestro\u00a0\u00a0proyecto de [&hellip;]<\/p>\n","protected":false},"author":2,"featured_media":1621,"comment_status":"closed","ping_status":"closed","sticky":false,"template":"","format":"standard","meta":[],"categories":[47],"tags":[],"_links":{"self":[{"href":"https:\/\/www.magistrimediterranei.org\/es\/wp-json\/wp\/v2\/posts\/1620"}],"collection":[{"href":"https:\/\/www.magistrimediterranei.org\/es\/wp-json\/wp\/v2\/posts"}],"about":[{"href":"https:\/\/www.magistrimediterranei.org\/es\/wp-json\/wp\/v2\/types\/post"}],"author":[{"embeddable":true,"href":"https:\/\/www.magistrimediterranei.org\/es\/wp-json\/wp\/v2\/users\/2"}],"replies":[{"embeddable":true,"href":"https:\/\/www.magistrimediterranei.org\/es\/wp-json\/wp\/v2\/comments?post=1620"}],"version-history":[{"count":2,"href":"https:\/\/www.magistrimediterranei.org\/es\/wp-json\/wp\/v2\/posts\/1620\/revisions"}],"predecessor-version":[{"id":1629,"href":"https:\/\/www.magistrimediterranei.org\/es\/wp-json\/wp\/v2\/posts\/1620\/revisions\/1629"}],"wp:featuredmedia":[{"embeddable":true,"href":"https:\/\/www.magistrimediterranei.org\/es\/wp-json\/wp\/v2\/media\/1621"}],"wp:attachment":[{"href":"https:\/\/www.magistrimediterranei.org\/es\/wp-json\/wp\/v2\/media?parent=1620"}],"wp:term":[{"taxonomy":"category","embeddable":true,"href":"https:\/\/www.magistrimediterranei.org\/es\/wp-json\/wp\/v2\/categories?post=1620"},{"taxonomy":"post_tag","embeddable":true,"href":"https:\/\/www.magistrimediterranei.org\/es\/wp-json\/wp\/v2\/tags?post=1620"}],"curies":[{"name":"wp","href":"https:\/\/api.w.org\/{rel}","templated":true}]}}