{"id":683,"date":"2017-05-06T00:05:19","date_gmt":"2017-05-06T00:05:19","guid":{"rendered":"http:\/\/www.magistrimediterranei.org\/xxvi-seminari-de-romanic-besalu-dispers-la-fortuna-del-patrimoni-artistic-romanic-de-lantic-comtat-de-besalu\/"},"modified":"2017-05-06T00:14:21","modified_gmt":"2017-05-06T00:14:21","slug":"xxvi-seminari-de-romanic-besalu-dispers-la-fortuna-del-patrimoni-artistic-romanic-de-lantic-comtat-de-besalu","status":"publish","type":"post","link":"https:\/\/www.magistrimediterranei.org\/en\/xxvi-seminari-de-romanic-besalu-dispers-la-fortuna-del-patrimoni-artistic-romanic-de-lantic-comtat-de-besalu\/","title":{"rendered":"XXVI Seminari de Rom\u00e0nic. Besal\u00fa dispers. La fortuna del patrimoni art\u00edstic rom\u00e0nic de l&#8217;antic comtat de Besal\u00fa"},"content":{"rendered":"<p>Next 8 July 2017 it will be held the <em>XXVI Seminari de Rom\u00e0nic. Besal\u00fa dispers. La fortuna del patrimoni art\u00edstic rom\u00e0nic de l&#8217;antic comtat de Besal\u00fa<\/em>, which has been organized by the Centre d&#8217;Estudis Amics de Besal\u00fa i el seu comtat, in collaboration with the Research Project Magistri Mediterranei.<\/p>\n<p><a href=\"https:\/\/drive.google.com\/open?id=0B2_c18CTtwNaVjlRU29wU1BfZ2s\" target=\"_blank\" rel=\"noopener noreferrer\">Link to the program<\/a>.<\/p>\n","protected":false},"excerpt":{"rendered":"<p>Next 8 July 2017 it will be held the XXVI Seminari de Rom\u00e0nic. Besal\u00fa dispers. La fortuna del patrimoni art\u00edstic rom\u00e0nic de l&#8217;antic comtat de Besal\u00fa, which has been organized by the Centre d&#8217;Estudis Amics de Besal\u00fa i el seu comtat, in collaboration with the Research Project Magistri Mediterranei. Link to the program.<\/p>\n","protected":false},"author":2,"featured_media":679,"comment_status":"open","ping_status":"open","sticky":false,"template":"","format":"standard","meta":[],"categories":[3],"tags":[],"_links":{"self":[{"href":"https:\/\/www.magistrimediterranei.org\/en\/wp-json\/wp\/v2\/posts\/683"}],"collection":[{"href":"https:\/\/www.magistrimediterranei.org\/en\/wp-json\/wp\/v2\/posts"}],"about":[{"href":"https:\/\/www.magistrimediterranei.org\/en\/wp-json\/wp\/v2\/types\/post"}],"author":[{"embeddable":true,"href":"https:\/\/www.magistrimediterranei.org\/en\/wp-json\/wp\/v2\/users\/2"}],"replies":[{"embeddable":true,"href":"https:\/\/www.magistrimediterranei.org\/en\/wp-json\/wp\/v2\/comments?post=683"}],"version-history":[{"count":2,"href":"https:\/\/www.magistrimediterranei.org\/en\/wp-json\/wp\/v2\/posts\/683\/revisions"}],"predecessor-version":[{"id":687,"href":"https:\/\/www.magistrimediterranei.org\/en\/wp-json\/wp\/v2\/posts\/683\/revisions\/687"}],"wp:featuredmedia":[{"embeddable":true,"href":"https:\/\/www.magistrimediterranei.org\/en\/wp-json\/wp\/v2\/media\/679"}],"wp:attachment":[{"href":"https:\/\/www.magistrimediterranei.org\/en\/wp-json\/wp\/v2\/media?parent=683"}],"wp:term":[{"taxonomy":"category","embeddable":true,"href":"https:\/\/www.magistrimediterranei.org\/en\/wp-json\/wp\/v2\/categories?post=683"},{"taxonomy":"post_tag","embeddable":true,"href":"https:\/\/www.magistrimediterranei.org\/en\/wp-json\/wp\/v2\/tags?post=683"}],"curies":[{"name":"wp","href":"https:\/\/api.w.org\/{rel}","templated":true}]}}