{"id":993,"date":"2019-05-05T19:57:48","date_gmt":"2019-05-05T19:57:48","guid":{"rendered":"https:\/\/www.magistrimediterranei.org\/?p=993"},"modified":"2019-06-05T20:03:07","modified_gmt":"2019-06-05T20:03:07","slug":"seminari-veronica-abenza-csic","status":"publish","type":"post","link":"https:\/\/www.magistrimediterranei.org\/ca\/seminari-veronica-abenza-csic\/","title":{"rendered":"Seminari Ver\u00f3nica Abenza CSIC"},"content":{"rendered":"<p>El proper 27 de Maig, la Dra. Ver\u00f3nica Abenza, investigadora d&#8217;aquest projecte de recerca, impartir\u00e0 en el Instituto de Historia del CSIC, el Seminari: <em>Al Servicio del Rey: Santa Mar\u00eda de Vallbona y la implantaci\u00f3n del C\u00edster femenino en La Corona de Arag\u00f3n<\/em>, organizat per les Drs. Ana Rodr\u00edguez i Therese Martin.<\/p>\n<p>Lloc i data: Madrid, Insituto de Historia, CSIC, 27 de Maig, 12.00.<\/p>\n","protected":false},"excerpt":{"rendered":"<p>El proper 27 de Maig, la Dra. Ver\u00f3nica Abenza, investigadora d&#8217;aquest projecte de recerca, impartir\u00e0 en el Instituto de Historia del CSIC, el Seminari: Al Servicio del Rey: Santa Mar\u00eda de Vallbona y la implantaci\u00f3n del C\u00edster femenino en La Corona de Arag\u00f3n, organizat per les Drs. Ana Rodr\u00edguez i Therese Martin. Lloc i data: [&hellip;]<\/p>\n","protected":false},"author":2,"featured_media":989,"comment_status":"open","ping_status":"open","sticky":false,"template":"","format":"standard","meta":[],"categories":[45],"tags":[],"_links":{"self":[{"href":"https:\/\/www.magistrimediterranei.org\/ca\/wp-json\/wp\/v2\/posts\/993"}],"collection":[{"href":"https:\/\/www.magistrimediterranei.org\/ca\/wp-json\/wp\/v2\/posts"}],"about":[{"href":"https:\/\/www.magistrimediterranei.org\/ca\/wp-json\/wp\/v2\/types\/post"}],"author":[{"embeddable":true,"href":"https:\/\/www.magistrimediterranei.org\/ca\/wp-json\/wp\/v2\/users\/2"}],"replies":[{"embeddable":true,"href":"https:\/\/www.magistrimediterranei.org\/ca\/wp-json\/wp\/v2\/comments?post=993"}],"version-history":[{"count":3,"href":"https:\/\/www.magistrimediterranei.org\/ca\/wp-json\/wp\/v2\/posts\/993\/revisions"}],"predecessor-version":[{"id":1003,"href":"https:\/\/www.magistrimediterranei.org\/ca\/wp-json\/wp\/v2\/posts\/993\/revisions\/1003"}],"wp:featuredmedia":[{"embeddable":true,"href":"https:\/\/www.magistrimediterranei.org\/ca\/wp-json\/wp\/v2\/media\/989"}],"wp:attachment":[{"href":"https:\/\/www.magistrimediterranei.org\/ca\/wp-json\/wp\/v2\/media?parent=993"}],"wp:term":[{"taxonomy":"category","embeddable":true,"href":"https:\/\/www.magistrimediterranei.org\/ca\/wp-json\/wp\/v2\/categories?post=993"},{"taxonomy":"post_tag","embeddable":true,"href":"https:\/\/www.magistrimediterranei.org\/ca\/wp-json\/wp\/v2\/tags?post=993"}],"curies":[{"name":"wp","href":"https:\/\/api.w.org\/{rel}","templated":true}]}}