{"id":922,"date":"2019-03-07T11:20:31","date_gmt":"2019-03-07T11:20:31","guid":{"rendered":"https:\/\/www.magistrimediterranei.org\/?p=922"},"modified":"2019-04-07T11:22:14","modified_gmt":"2019-04-07T11:22:14","slug":"ponencies-bari-santiago-bari","status":"publish","type":"post","link":"https:\/\/www.magistrimediterranei.org\/ca\/ponencies-bari-santiago-bari\/","title":{"rendered":"Pon\u00e8ncies. Bari-Santiago-Bari"},"content":{"rendered":"<p>Els membres del Projecte de Recerca Magistri Mediterranei, Manuel Casti\u00f1eiras i Rosanna Bianco imapartiran en la Jornada d&#8217;estudis <em>Bari-Santiago-Bari. Il Viaggio, il Pellegrinaggio, le Relazioni<\/em>, les seg\u00fcents pon\u00e8ncies:<\/p>\n<p>M. Casti\u00f1eiras, &#8220;Compostela, Bari e Brindisi: il Romanico, lo Pseudo Turpino e le vie di pellegrinaggio&#8221;.<\/p>\n<p>R. Bianco, &#8220;La Puglia e il Camino di Santiago&#8221;.<\/p>\n<p>Lloc i data: 21 Mar\u00e7 2019, Centro Polifunzionale Studenti, Sala 1, Piazza Cesare Battisti, 1, Bari.<\/p>\n<p><a href=\"https:\/\/www.magistrimediterranei.org\/ca\/?attachment_id=907\" rel=\"attachment wp-att-907\">Programa Bari-Santiago-Bari<\/a><\/p>\n","protected":false},"excerpt":{"rendered":"<p>Els membres del Projecte de Recerca Magistri Mediterranei, Manuel Casti\u00f1eiras i Rosanna Bianco imapartiran en la Jornada d&#8217;estudis Bari-Santiago-Bari. Il Viaggio, il Pellegrinaggio, le Relazioni, les seg\u00fcents pon\u00e8ncies: M. Casti\u00f1eiras, &#8220;Compostela, Bari e Brindisi: il Romanico, lo Pseudo Turpino e le vie di pellegrinaggio&#8221;. R. Bianco, &#8220;La Puglia e il Camino di Santiago&#8221;. Lloc i [&hellip;]<\/p>\n","protected":false},"author":2,"featured_media":0,"comment_status":"open","ping_status":"open","sticky":false,"template":"","format":"standard","meta":[],"categories":[45],"tags":[],"_links":{"self":[{"href":"https:\/\/www.magistrimediterranei.org\/ca\/wp-json\/wp\/v2\/posts\/922"}],"collection":[{"href":"https:\/\/www.magistrimediterranei.org\/ca\/wp-json\/wp\/v2\/posts"}],"about":[{"href":"https:\/\/www.magistrimediterranei.org\/ca\/wp-json\/wp\/v2\/types\/post"}],"author":[{"embeddable":true,"href":"https:\/\/www.magistrimediterranei.org\/ca\/wp-json\/wp\/v2\/users\/2"}],"replies":[{"embeddable":true,"href":"https:\/\/www.magistrimediterranei.org\/ca\/wp-json\/wp\/v2\/comments?post=922"}],"version-history":[{"count":2,"href":"https:\/\/www.magistrimediterranei.org\/ca\/wp-json\/wp\/v2\/posts\/922\/revisions"}],"predecessor-version":[{"id":924,"href":"https:\/\/www.magistrimediterranei.org\/ca\/wp-json\/wp\/v2\/posts\/922\/revisions\/924"}],"wp:attachment":[{"href":"https:\/\/www.magistrimediterranei.org\/ca\/wp-json\/wp\/v2\/media?parent=922"}],"wp:term":[{"taxonomy":"category","embeddable":true,"href":"https:\/\/www.magistrimediterranei.org\/ca\/wp-json\/wp\/v2\/categories?post=922"},{"taxonomy":"post_tag","embeddable":true,"href":"https:\/\/www.magistrimediterranei.org\/ca\/wp-json\/wp\/v2\/tags?post=922"}],"curies":[{"name":"wp","href":"https:\/\/api.w.org\/{rel}","templated":true}]}}