{"id":682,"date":"2017-05-06T00:05:19","date_gmt":"2017-05-06T00:05:19","guid":{"rendered":"http:\/\/www.magistrimediterranei.org\/xxvi-seminari-de-romanic-besalu-dispers-la-fortuna-del-patrimoni-artistic-romanic-de-lantic-comtat-de-besalu\/"},"modified":"2017-05-06T00:12:03","modified_gmt":"2017-05-06T00:12:03","slug":"xxvi-seminari-de-romanic-besalu-dispers-la-fortuna-del-patrimoni-artistic-romanic-de-lantic-comtat-de-besalu","status":"publish","type":"post","link":"https:\/\/www.magistrimediterranei.org\/ca\/xxvi-seminari-de-romanic-besalu-dispers-la-fortuna-del-patrimoni-artistic-romanic-de-lantic-comtat-de-besalu\/","title":{"rendered":"XXVI Seminari de Rom\u00e0nic. Besal\u00fa dispers. La fortuna del patrimoni art\u00edstic rom\u00e0nic de l&#8217;antic comtat de Besal\u00fa"},"content":{"rendered":"<p>El proper 8 de juliol de 2017 tindr\u00e0 lloc el <em>XXVI Seminari de Rom\u00e0nic. Besal\u00fa dispers. La fortuna del patrimoni art\u00edstic rom\u00e0nic de l&#8217;antic comtat de Besal\u00fa<\/em>, organitzat pel Centre d&#8217;Estudis Amics de Besal\u00fa i el seu comtat, amb la col\u00b7laboraci\u00f3 del Projecte d&#8217;Investigaci\u00f3 Magistri Mediterranei.<\/p>\n<p><a href=\"https:\/\/drive.google.com\/open?id=0B2_c18CTtwNaVjlRU29wU1BfZ2s\" target=\"_blank\" rel=\"noopener noreferrer\">Link al programa<\/a>.<\/p>\n","protected":false},"excerpt":{"rendered":"<p>El proper 8 de juliol de 2017 tindr\u00e0 lloc el XXVI Seminari de Rom\u00e0nic. Besal\u00fa dispers. La fortuna del patrimoni art\u00edstic rom\u00e0nic de l&#8217;antic comtat de Besal\u00fa, organitzat pel Centre d&#8217;Estudis Amics de Besal\u00fa i el seu comtat, amb la col\u00b7laboraci\u00f3 del Projecte d&#8217;Investigaci\u00f3 Magistri Mediterranei. Link al programa.<\/p>\n","protected":false},"author":2,"featured_media":679,"comment_status":"open","ping_status":"open","sticky":false,"template":"","format":"standard","meta":[],"categories":[4],"tags":[],"_links":{"self":[{"href":"https:\/\/www.magistrimediterranei.org\/ca\/wp-json\/wp\/v2\/posts\/682"}],"collection":[{"href":"https:\/\/www.magistrimediterranei.org\/ca\/wp-json\/wp\/v2\/posts"}],"about":[{"href":"https:\/\/www.magistrimediterranei.org\/ca\/wp-json\/wp\/v2\/types\/post"}],"author":[{"embeddable":true,"href":"https:\/\/www.magistrimediterranei.org\/ca\/wp-json\/wp\/v2\/users\/2"}],"replies":[{"embeddable":true,"href":"https:\/\/www.magistrimediterranei.org\/ca\/wp-json\/wp\/v2\/comments?post=682"}],"version-history":[{"count":2,"href":"https:\/\/www.magistrimediterranei.org\/ca\/wp-json\/wp\/v2\/posts\/682\/revisions"}],"predecessor-version":[{"id":685,"href":"https:\/\/www.magistrimediterranei.org\/ca\/wp-json\/wp\/v2\/posts\/682\/revisions\/685"}],"wp:featuredmedia":[{"embeddable":true,"href":"https:\/\/www.magistrimediterranei.org\/ca\/wp-json\/wp\/v2\/media\/679"}],"wp:attachment":[{"href":"https:\/\/www.magistrimediterranei.org\/ca\/wp-json\/wp\/v2\/media?parent=682"}],"wp:term":[{"taxonomy":"category","embeddable":true,"href":"https:\/\/www.magistrimediterranei.org\/ca\/wp-json\/wp\/v2\/categories?post=682"},{"taxonomy":"post_tag","embeddable":true,"href":"https:\/\/www.magistrimediterranei.org\/ca\/wp-json\/wp\/v2\/tags?post=682"}],"curies":[{"name":"wp","href":"https:\/\/api.w.org\/{rel}","templated":true}]}}