{"id":1610,"date":"2021-06-23T13:36:56","date_gmt":"2021-06-23T13:36:56","guid":{"rendered":"https:\/\/www.magistrimediterranei.org\/?p=1610"},"modified":"2021-06-23T13:37:26","modified_gmt":"2021-06-23T13:37:26","slug":"publicacio-del-volum-del-simposi-internacional-imago-mirabilia-les-formes-del-prodigi-a-la-mediterrania-medieval","status":"publish","type":"post","link":"https:\/\/www.magistrimediterranei.org\/ca\/publicacio-del-volum-del-simposi-internacional-imago-mirabilia-les-formes-del-prodigi-a-la-mediterrania-medieval\/","title":{"rendered":"Publicaci\u00f3 del volum del Simposi Internacional &#8220;IMAGO &#038; MIRABILIA. LES FORMES DEL PRODIGI A LA MEDITERR\u00c0NIA MEDIEVAL&#8221;"},"content":{"rendered":"\n<p>Els dies 18 \u2013 20 d\u2019octubre de 2018 es va celebrar a Barcelona el Simposi Internacional&nbsp;<em>Imago &amp; Mirabilia. Les formes del prodigi a la Mediterr\u00e0nia Medieval<\/em>, dirigit per Anna Orriols, Jordi Cerd\u00e0 i Joan Duran-Porta, i coorganitzat amb el Museu Nacional d\u2019Art de Catalunya.<\/p>\n\n\n\n<p>Aquesta publicaci\u00f3 \u00e9s el resultat de la recerca duta a terme en el marc del Projecte:\u00a0<em>MICINN HAR2015-63883-P: Movilidad y transferencia art\u00edstica en el Mediterr\u00e1neo medieval: artistas, objetos y modelos \u2013 MAGISTRI MEDITERRANEI<\/em>.<\/p>\n\n\n\n<p>El volum \u00e9s el comen\u00e7ament d\u2019una aventura en la qual els editors han comptat amb la complicitat, els coneixements i les aportacions plurals dels autors dels estudis que l\u2019integren. Des de les disciplines de la hist\u00f2ria de l\u2019art, de la filologia, de la hist\u00f2ria, de la filosofia; des d\u2019institucions i pa\u00efsos diversos s\u2019han abordat algunes de les moltes facetes de la meravella medieval. Des d\u2019aquestes diverses perspectives, per\u00f2 amb l\u2019inter\u00e8s com\u00fa per a desxifrar l\u2019univers dels prodigis de l\u2019edat mitjana, signen els estudis que es recullen aqu\u00ed Gianluca Ameri, Miguel Ayres de Campos-Tovar, Michele Bacci, Montse Barniol, Caterina Fernandes Barreira, Pere Beseran, Gaelle Bosseman, Jordi Cerd\u00e0, Mattia Chiriatti, Dominique de Courcelles, Sandra Dolz L\u00f3pez, C\u00e8sar Fav\u00e0, M\u00e1rio Farelo, Carla Varela Fernandes, Avital Heyman, Nikolas Jaspert, Juan Antonio Jim\u00e9nez S\u00e1nchez, Paulo Esmeraldo Catarino Lopes, Pere Maym\u00f3 i Capdevila, Anna Orriols, Laura Rodr\u00edguez Peinado, Meritxell Sim\u00f3 i Idries Trevathan.<\/p>\n\n\n\n<p><br>Per les p\u00e0gines d\u2019aquest llibre desfilen objectes, hist\u00f2ries, indrets i personatges fabulosos, tinguts per reals o no: geografies sagrades, el mont Carmel, escenaris d\u2019aventura del llegendari bret\u00f3; visions, aparicions i viatges imaginaris; animals que protagonitzen miracles, monstres, criatures nocturnes i donzelles manques; tresors encantats, vaixells voladors, rel\u00edquies extraordin\u00e0ries i imatges prodigioses; l\u2019Anticrist i sants que travessen el mar damunt de n\u00favols. Tots aquests casos es nodreixen i a la vegada enforteixen llegendes i relats prodigiosos que s\u00f3n (nom\u00e9s) alguns dels elements de l\u2019univers calidosc\u00f2pic del meravell\u00f3s.<\/p>\n\n\n\n<p>\u00a0<br>L\u2019esperit que anima aquest recull d\u2019estudis parteix del convenciment de la import\u00e0ncia de la meravella com a categoria, com a protagonista activa i no pas com a mera comparsa o element accessori d\u2019un m\u00f3n pret\u00e8rit. Un m\u00f3n que el meravell\u00f3s no nom\u00e9s contribueix a configurar sin\u00f3 tamb\u00e9 a explicar, perqu\u00e8 la imatge de l\u2019edat mitjana no seria completa sense la consideraci\u00f3 de la meravella com un dels seus motors.\u00a0Aquesta obra nom\u00e9s est\u00e0 disponible en format electr\u00f2nic d\u2019acc\u00e9s gratu\u00eft a trav\u00e9s del seg\u00fcent enlla\u00e7:\u00a0<\/p>\n\n\n\n<p><a href=\"https:\/\/ddd.uab.cat\/pub\/llibres\/2020\/235593\/imamir_a2020.pdf\">https:\/\/ddd.uab.cat\/pub\/llibres\/2020\/235593\/imamir_a2020.pd<\/a><\/p>\n","protected":false},"excerpt":{"rendered":"<p>Els dies 18 \u2013 20 d\u2019octubre de 2018 es va celebrar a Barcelona el Simposi Internacional&nbsp;Imago &amp; Mirabilia. Les formes del prodigi a la Mediterr\u00e0nia Medieval, dirigit per Anna Orriols, Jordi Cerd\u00e0 i Joan Duran-Porta, i coorganitzat amb el Museu Nacional d\u2019Art de Catalunya. Aquesta publicaci\u00f3 \u00e9s el resultat de la recerca duta a terme [&hellip;]<\/p>\n","protected":false},"author":2,"featured_media":1611,"comment_status":"open","ping_status":"open","sticky":false,"template":"","format":"standard","meta":[],"categories":[4],"tags":[],"_links":{"self":[{"href":"https:\/\/www.magistrimediterranei.org\/ca\/wp-json\/wp\/v2\/posts\/1610"}],"collection":[{"href":"https:\/\/www.magistrimediterranei.org\/ca\/wp-json\/wp\/v2\/posts"}],"about":[{"href":"https:\/\/www.magistrimediterranei.org\/ca\/wp-json\/wp\/v2\/types\/post"}],"author":[{"embeddable":true,"href":"https:\/\/www.magistrimediterranei.org\/ca\/wp-json\/wp\/v2\/users\/2"}],"replies":[{"embeddable":true,"href":"https:\/\/www.magistrimediterranei.org\/ca\/wp-json\/wp\/v2\/comments?post=1610"}],"version-history":[{"count":2,"href":"https:\/\/www.magistrimediterranei.org\/ca\/wp-json\/wp\/v2\/posts\/1610\/revisions"}],"predecessor-version":[{"id":1615,"href":"https:\/\/www.magistrimediterranei.org\/ca\/wp-json\/wp\/v2\/posts\/1610\/revisions\/1615"}],"wp:featuredmedia":[{"embeddable":true,"href":"https:\/\/www.magistrimediterranei.org\/ca\/wp-json\/wp\/v2\/media\/1611"}],"wp:attachment":[{"href":"https:\/\/www.magistrimediterranei.org\/ca\/wp-json\/wp\/v2\/media?parent=1610"}],"wp:term":[{"taxonomy":"category","embeddable":true,"href":"https:\/\/www.magistrimediterranei.org\/ca\/wp-json\/wp\/v2\/categories?post=1610"},{"taxonomy":"post_tag","embeddable":true,"href":"https:\/\/www.magistrimediterranei.org\/ca\/wp-json\/wp\/v2\/tags?post=1610"}],"curies":[{"name":"wp","href":"https:\/\/api.w.org\/{rel}","templated":true}]}}